{"id":960,"date":"2025-02-27T16:29:01","date_gmt":"2025-02-27T15:29:01","guid":{"rendered":"https:\/\/villapresente.online\/?p=960"},"modified":"2025-12-16T11:54:34","modified_gmt":"2025-12-16T10:54:34","slug":"iniciada-la-proteccion-de-pavon","status":"publish","type":"post","link":"https:\/\/villapresente.online\/?p=960","title":{"rendered":"PROTECCI\u00d3N PARA  \u00abEL PAV\u00d3N\u00bb"},"content":{"rendered":"\n<figure class=\"wp-block-image size-large\"><img loading=\"lazy\" decoding=\"async\" width=\"1024\" height=\"768\" src=\"http:\/\/villapresente.online\/wp-content\/uploads\/2024\/11\/Bedon-S-y-O-1024x768.jpg\" alt=\"\" class=\"wp-image-923\" srcset=\"https:\/\/villapresente.online\/wp-content\/uploads\/2024\/11\/Bedon-S-y-O-1024x768.jpg 1024w, https:\/\/villapresente.online\/wp-content\/uploads\/2024\/11\/Bedon-S-y-O-300x225.jpg 300w, https:\/\/villapresente.online\/wp-content\/uploads\/2024\/11\/Bedon-S-y-O-768x576.jpg 768w, https:\/\/villapresente.online\/wp-content\/uploads\/2024\/11\/Bedon-S-y-O-1536x1152.jpg 1536w, https:\/\/villapresente.online\/wp-content\/uploads\/2024\/11\/Bedon-S-y-O-2048x1536.jpg 2048w\" sizes=\"auto, (max-width: 1024px) 100vw, 1024px\" \/><\/figure>\n\n\n\n<p>Hoy, 27 de noviembre de 2025, nos hemos llevado una gran alegr\u00eda al ver publicada en el BOC la declaraci\u00f3n como BIL (Bien de Inter\u00e9s Local) para \u00abEl Pav\u00f3n\u00bb, quedando desde este momento protegido de cualquier intento de demolici\u00f3n como nos hab\u00edan amenazado con&nbsp;la resoluci\u00f3n de la Confederaci\u00f3n Hidrogr\u00e1fica del Cant\u00e1brico tramitada el d\u00eda 02\/02\/2025 comunicando la extinci\u00f3n del derecho de aguas al Pav\u00f3n y la orden de derribo a la propiedad Enel Green Powert Espa\u00f1a S.L.<\/p>\n\n\n\n<p>Supongo que con el inicio de BIL publicado por la Consejer\u00eda de Cultura y Patrimonio quede paralizado.<\/p>\n\n\n\n<p>Seguiremos luchando por la creaci\u00f3n de un \u00abCentro de interpretaci\u00f3n\u00bb sobre el nacimiento de la electricidad en nuestro valle y en Cantabria, recogiendo los bienes industriales de alto valor hist\u00f3rico que se encuentran en Pav\u00f3n, Monta\u00f1a, Viesgo con alt\u00edsimo peligro de desaparici\u00f3n.<\/p>\n\n\n\n<p>EXTINCI\u00d3N DEL DERECHO DE AGUA Y ORDEN DE DEMOLICI\u00d3N<a href=\"http:\/\/villapresente.online\/wp-content\/uploads\/2025\/03\/CONFEDERACION-HIDROGAFICA-DEL-CANTABRICO-PAVON.pdf\" title=\"\">http:\/\/villapresente.online\/wp-content\/uploads\/2025\/03\/CONFEDERACION-HIDROGAFICA-DEL-CANTABRICO-PAVON.pdf<\/a><\/p>\n\n\n\n<p><a href=\"http:\/\/villapresente.online\/wp-content\/uploads\/2025\/02\/BOC-27-2-2025-incoacion-BIL-El-Pavon.pdf\" title=\"\">PDF DEL PROCESO DE INCOACI\u00d3N COMO BIC DE \u00abEL PAV\u00d3N\u00bb EN EL BOC<\/a><\/p>\n\n\n\n<p><a href=\"http:\/\/villapresente.online\/wp-content\/uploads\/2025\/03\/Diario-Montanes-01-03-2025.pdf\" title=\"\">EL DIARIO MONTA\u00d1ES 01-03-2025<\/a><\/p>\n\n\n\n<p><a href=\"http:\/\/villapresente.online\/wp-content\/uploads\/2025\/12\/BIL-para-el-Pavon.pdf\" title=\"\">DECLARACI\u00d3N DEL BIL EN EL BOC 27 noviembre de 2025<\/a><\/p>\n","protected":false},"excerpt":{"rendered":"<p>Hoy, 27 de noviembre de 2025, nos hemos llevado una gran alegr\u00eda al ver publicada en el BOC la declaraci\u00f3n como BIL (Bien de Inter\u00e9s Local) para \u00abEl Pav\u00f3n\u00bb, quedando desde este momento protegido de cualquier intento de demolici\u00f3n como <a class=\"more-link\" href=\"https:\/\/villapresente.online\/?p=960\">Seguir leyendo <span class=\"screen-reader-text\">  PROTECCI\u00d3N PARA  \u00abEL PAV\u00d3N\u00bb<\/span><span class=\"meta-nav\">&rarr;<\/span><\/a><\/p>\n","protected":false},"author":1,"featured_media":0,"comment_status":"closed","ping_status":"closed","sticky":true,"template":"","format":"standard","meta":{"om_disable_all_campaigns":false,"_monsterinsights_skip_tracking":false,"_monsterinsights_sitenote_active":false,"_monsterinsights_sitenote_note":"","_monsterinsights_sitenote_category":0,"fifu_image_url":"","fifu_image_alt":"","footnotes":""},"categories":[1],"tags":[],"class_list":["post-960","post","type-post","status-publish","format-standard","hentry","category-blog"],"aioseo_notices":[],"_links":{"self":[{"href":"https:\/\/villapresente.online\/index.php?rest_route=\/wp\/v2\/posts\/960","targetHints":{"allow":["GET"]}}],"collection":[{"href":"https:\/\/villapresente.online\/index.php?rest_route=\/wp\/v2\/posts"}],"about":[{"href":"https:\/\/villapresente.online\/index.php?rest_route=\/wp\/v2\/types\/post"}],"author":[{"embeddable":true,"href":"https:\/\/villapresente.online\/index.php?rest_route=\/wp\/v2\/users\/1"}],"replies":[{"embeddable":true,"href":"https:\/\/villapresente.online\/index.php?rest_route=%2Fwp%2Fv2%2Fcomments&post=960"}],"version-history":[{"count":11,"href":"https:\/\/villapresente.online\/index.php?rest_route=\/wp\/v2\/posts\/960\/revisions"}],"predecessor-version":[{"id":1077,"href":"https:\/\/villapresente.online\/index.php?rest_route=\/wp\/v2\/posts\/960\/revisions\/1077"}],"wp:attachment":[{"href":"https:\/\/villapresente.online\/index.php?rest_route=%2Fwp%2Fv2%2Fmedia&parent=960"}],"wp:term":[{"taxonomy":"category","embeddable":true,"href":"https:\/\/villapresente.online\/index.php?rest_route=%2Fwp%2Fv2%2Fcategories&post=960"},{"taxonomy":"post_tag","embeddable":true,"href":"https:\/\/villapresente.online\/index.php?rest_route=%2Fwp%2Fv2%2Ftags&post=960"}],"curies":[{"name":"wp","href":"https:\/\/api.w.org\/{rel}","templated":true}]}}