{"id":868,"date":"2024-08-13T20:12:43","date_gmt":"2024-08-13T18:12:43","guid":{"rendered":"https:\/\/villapresente.online\/?page_id=868"},"modified":"2025-02-07T10:56:15","modified_gmt":"2025-02-07T09:56:15","slug":"demografia-2","status":"publish","type":"post","link":"https:\/\/villapresente.online\/?p=868","title":{"rendered":"DEMOGRAF\u00cdA"},"content":{"rendered":"\n<figure class=\"wp-block-image size-large\"><img loading=\"lazy\" decoding=\"async\" width=\"1024\" height=\"650\" src=\"http:\/\/villapresente.online\/wp-content\/uploads\/2024\/08\/antigua-de-gente-1024x650.jpg\" alt=\"\" class=\"wp-image-867\" srcset=\"https:\/\/villapresente.online\/wp-content\/uploads\/2024\/08\/antigua-de-gente-1024x650.jpg 1024w, https:\/\/villapresente.online\/wp-content\/uploads\/2024\/08\/antigua-de-gente-300x190.jpg 300w, https:\/\/villapresente.online\/wp-content\/uploads\/2024\/08\/antigua-de-gente-768x488.jpg 768w, https:\/\/villapresente.online\/wp-content\/uploads\/2024\/08\/antigua-de-gente-1536x975.jpg 1536w, https:\/\/villapresente.online\/wp-content\/uploads\/2024\/08\/antigua-de-gente-2048x1300.jpg 2048w\" sizes=\"auto, (max-width: 1024px) 100vw, 1024px\" \/><\/figure>\n\n\n\n<p>La existencia de las cuevas de \u00abAltamira\u00bb, \u00abLa Clotilde\u00bb y \u00abLa Estaci\u00f3n\u00bb nos demuestran la presencia de grupos humanos en las inmediaciones de Villapresente ya en la prehistoria. Lo que nos resulta m\u00e1s enigm\u00e1tico es la evoluci\u00f3n y el establecimiento de esos grupos a lo largo de la historia. El primer documento que recoge el nombre de \u00abVillapresente\u00bb aparece en el cartulario de la abad\u00eda de Santillana del Mar fechado en el a\u00f1o 1097 con la cesi\u00f3n de la Iglesia de San Juan Bautista y su cementerio durante el r\u00e9gimen de abadengo. <\/p>\n\n\n\n<p>Podemos afirmar que ya antes del siglo X exist\u00eda una peque\u00f1a poblaci\u00f3n que utilizaba la fuerza motriz del r\u00edo Saja para los molinos harineros; que pescaba truchas, s\u00e1balos, reos y salmones en sus cristalinas aguas y que se abastec\u00eda de le\u00f1a en el monte comunal de \u201cla Angustina\u201d, en un mundo agropecuario donde la propiedad de la tierra pertenec\u00eda al abad, a los nobles o al rey, teniendo que pagar fuertes impuestos por su uso y protecci\u00f3n. El control de todos estos impuestos justifica la necesidad de controlar a los vecinos o moradores de un pueblo. Estas consultas realizadas peri\u00f3dicamente se denominan <em>\u201ccensos\u201d, \u201cpadrones\u201d y \u201cvecindarios<\/em>\u201d.<\/p>\n\n\n\n<p>La presente entrada nos aportan datos sobre el crecimiento de la poblaci\u00f3n de Villapresente a trav\u00e9s de documentos   tales como \u00abEl libro de las behetr\u00edas\u00bb realizado en 1351 por el rey D. Pedro I de Castilla, \u00abel apeo de 1403\u00bb realizado por el infante D. Fernando de Antequera, \u00abEl catastro del Marqu\u00e9s de la Ensenada\u00bb realizado en 1753 y todos los \u00abPadrones y Vecindarios\u00bb guardados en el \u00abArchivo hist\u00f3rico provincial de Cantabria\u00bb y recogidos por el \u00abGobierno de Cantabria\u00bb en un trabajo de recopilaci\u00f3n realizado en el a\u00f1o 2004.<\/p>\n\n\n\n<figure class=\"wp-block-image size-full\"><img loading=\"lazy\" decoding=\"async\" width=\"744\" height=\"744\" src=\"https:\/\/villapresente.online\/wp-content\/uploads\/2024\/08\/image.png\" alt=\"\" class=\"wp-image-869\" srcset=\"https:\/\/villapresente.online\/wp-content\/uploads\/2024\/08\/image.png 744w, https:\/\/villapresente.online\/wp-content\/uploads\/2024\/08\/image-300x300.png 300w, https:\/\/villapresente.online\/wp-content\/uploads\/2024\/08\/image-150x150.png 150w\" sizes=\"auto, (max-width: 744px) 100vw, 744px\" \/><\/figure>\n\n\n\n<p><a href=\"http:\/\/villapresente.online\/wp-content\/uploads\/2025\/02\/DEMOGRAFIA.pdf\" title=\"\">DEMOGRAF\u00ccA PDF<\/a><\/p>\n\n\n\n<p><a href=\"http:\/\/villapresente.online\/wp-content\/uploads\/2024\/08\/Censos^J-padrones-y-vecindarios-de-Villapresente-PDF.pdf\" title=\"\">PADRONES Y VECINDARIOS DE VILLAPRESENTE<\/a><\/p>\n\n\n\n<p><\/p>\n","protected":false},"excerpt":{"rendered":"<p>La existencia de las cuevas de \u00abAltamira\u00bb, \u00abLa Clotilde\u00bb y \u00abLa Estaci\u00f3n\u00bb nos demuestran la presencia de grupos humanos en las inmediaciones de Villapresente ya en la prehistoria. Lo que nos resulta m\u00e1s enigm\u00e1tico es la evoluci\u00f3n y el establecimiento <a class=\"more-link\" href=\"https:\/\/villapresente.online\/?p=868\">Seguir leyendo <span class=\"screen-reader-text\">  DEMOGRAF\u00cdA<\/span><span class=\"meta-nav\">&rarr;<\/span><\/a><\/p>\n","protected":false},"author":1,"featured_media":0,"comment_status":"closed","ping_status":"closed","sticky":true,"template":"","format":"standard","meta":{"om_disable_all_campaigns":false,"_monsterinsights_skip_tracking":false,"_monsterinsights_sitenote_active":false,"_monsterinsights_sitenote_note":"","_monsterinsights_sitenote_category":0,"fifu_image_url":"","fifu_image_alt":"","footnotes":""},"categories":[1],"tags":[],"class_list":["post-868","post","type-post","status-publish","format-standard","hentry","category-blog"],"aioseo_notices":[],"_links":{"self":[{"href":"https:\/\/villapresente.online\/index.php?rest_route=\/wp\/v2\/posts\/868","targetHints":{"allow":["GET"]}}],"collection":[{"href":"https:\/\/villapresente.online\/index.php?rest_route=\/wp\/v2\/posts"}],"about":[{"href":"https:\/\/villapresente.online\/index.php?rest_route=\/wp\/v2\/types\/post"}],"author":[{"embeddable":true,"href":"https:\/\/villapresente.online\/index.php?rest_route=\/wp\/v2\/users\/1"}],"replies":[{"embeddable":true,"href":"https:\/\/villapresente.online\/index.php?rest_route=%2Fwp%2Fv2%2Fcomments&post=868"}],"version-history":[{"count":8,"href":"https:\/\/villapresente.online\/index.php?rest_route=\/wp\/v2\/posts\/868\/revisions"}],"predecessor-version":[{"id":958,"href":"https:\/\/villapresente.online\/index.php?rest_route=\/wp\/v2\/posts\/868\/revisions\/958"}],"wp:attachment":[{"href":"https:\/\/villapresente.online\/index.php?rest_route=%2Fwp%2Fv2%2Fmedia&parent=868"}],"wp:term":[{"taxonomy":"category","embeddable":true,"href":"https:\/\/villapresente.online\/index.php?rest_route=%2Fwp%2Fv2%2Fcategories&post=868"},{"taxonomy":"post_tag","embeddable":true,"href":"https:\/\/villapresente.online\/index.php?rest_route=%2Fwp%2Fv2%2Ftags&post=868"}],"curies":[{"name":"wp","href":"https:\/\/api.w.org\/{rel}","templated":true}]}}