{"id":742,"date":"2025-04-22T11:48:21","date_gmt":"2025-04-22T09:48:21","guid":{"rendered":"https:\/\/villapresente.online\/?p=742"},"modified":"2025-04-23T12:33:20","modified_gmt":"2025-04-23T10:33:20","slug":"alegaciones-al-expediente-de-declaracion-del-entorno-de-proteccion-del-bien-de-interes-cultural-palacio-y-torre-de-los-bustamante-en-quijas","status":"publish","type":"post","link":"https:\/\/villapresente.online\/?p=742","title":{"rendered":"EXPEDIENTE DE DECLARACI\u00d3N DEL ENTORNO DE PROTECCI\u00d3N DEL BIEN DE INTERES CULTURAL PALACIO Y TORRE DE LOS BUSTAMANTE EN QUIJAS."},"content":{"rendered":"\n<p>En el siglo XIV, D. Tello de Castilla, hijo natural del rey Alfonso XI, se\u00f1or de Aguilar de Campo y Casta\u00f1eda, entre otros t\u00edtulos, concede a su ayo D. Juan S\u00e1nchez de Bustamante un mayorazgo en Quijas; construyendo una torre a orillas del r\u00edo Saja, que en los siglos sucesivos se va reformando y ampliando hasta convertirse en un complejo arquitect\u00f3nico que es declarado monumento hist\u00f3rico-art\u00edstico, de car\u00e1cter nacional, en el Real Decreto 3032\/1982, de 15 de octubre, publicado en el \u00abBolet\u00edn Oficial del Estado\u00bb n\u00ba 274, de 15 de noviembre de 1982, quedando protegidos los siguientes edificios dentro de la finca amurallada: Torre Bustamante. Palacio Bustamante. Capilla. Molino maquilero. Molino. Hornera. Almac\u00e9n. Portalada.<\/p>\n\n\n\n<figure class=\"wp-block-image size-large\"><img loading=\"lazy\" decoding=\"async\" width=\"1024\" height=\"768\" src=\"https:\/\/villapresente.online\/wp-content\/uploads\/2024\/03\/palacio-y-rio-1024x768.jpg\" alt=\"\" class=\"wp-image-743\" srcset=\"https:\/\/villapresente.online\/wp-content\/uploads\/2024\/03\/palacio-y-rio-1024x768.jpg 1024w, https:\/\/villapresente.online\/wp-content\/uploads\/2024\/03\/palacio-y-rio-300x225.jpg 300w, https:\/\/villapresente.online\/wp-content\/uploads\/2024\/03\/palacio-y-rio-768x576.jpg 768w, https:\/\/villapresente.online\/wp-content\/uploads\/2024\/03\/palacio-y-rio-1536x1152.jpg 1536w, https:\/\/villapresente.online\/wp-content\/uploads\/2024\/03\/palacio-y-rio-2048x1536.jpg 2048w\" sizes=\"auto, (max-width: 1024px) 100vw, 1024px\" \/><\/figure>\n\n\n\n<p>Actualmente, el propietario del \u201cPalacio y torre de los Bustamante\u201d, D. Ram\u00f3n Bustamante, marques de Villatorre y vizconde de Caba\u00f1as, ampar\u00e1ndose en la Ley de Patrimonio del Gobierno de Cantabria, ha solicitado la ampliaci\u00f3n de su entorno de protecci\u00f3n cuya resoluci\u00f3n de incoaci\u00f3n de expediente ha sido publicada en el Bolet\u00edn Oficial de Cantabria del d\u00eda 9 de febrero de 2024.<\/p>\n\n\n\n<p>Tras la publicaci\u00f3n del primer expediente el d\u00eda 9 de febrero de 2024 presentamos las primeras alegaciones y el d\u00eda 11 de abril de 2025 la Consejer\u00eda de Cultura, Turismo y Deporte del Gobierno de Cantabria publica la nueva delimitaci\u00f3n del entorno con una m\u00ednima correcci\u00f3n y un gran da\u00f1o a los terrenos afectados de Quijas y Villapresente. Es el momento de presentar nuevas alegaciones y esperar la justicia de nuestros gobernantes.<\/p>\n\n\n\n<p>PRIMER <a href=\"https:\/\/boc.cantabria.es\/boces\/verAnuncioAction.do?idAnuBlob=398656\" title=\"\">EXPEDIENTE DE AMPLIACI\u00d3N DEL ENTORNO<\/a><\/p>\n\n\n\n<p>PRIMERAS <a href=\"http:\/\/villapresente.online\/wp-content\/uploads\/2024\/03\/PALACIO-Y-TORRE-DE-LOS-BUSTAMANTE.pdf\" title=\"\">ALEGACIONES AL EXPEDIENTE<\/a><\/p>\n\n\n\n<p><a href=\"http:\/\/villapresente.online\/wp-content\/uploads\/2025\/04\/II-Delimitacion-BIC-Palacio-de-los-Bustamante-de-Quijas.pdf\" title=\"\">SEGUNDO EXPEDIENTE DE DELIMITACI\u00d3N<\/a><\/p>\n\n\n\n<p><a href=\"http:\/\/villapresente.online\/wp-content\/uploads\/2025\/04\/RECTIFICACION-DEL-PLANO-INICIAL-DE-PROTECCION.jpg\" title=\"\" data-lbwps-width=\"1346\" data-lbwps-height=\"1193\" data-lbwps-srcsmall=\"http:\/\/villapresente.online\/wp-content\/uploads\/2025\/04\/RECTIFICACION-DEL-PLANO-INICIAL-DE-PROTECCION-300x266.jpg\">RECTIFICACION-DEL-PLANO-INICIAL-DE-PROTECCION.jpg<\/a><\/p>\n\n\n\n<p><a href=\"http:\/\/villapresente.online\/wp-content\/uploads\/2025\/04\/II-ALEGACIONES-AL-AREA-DE-PROTECCION.docx\" title=\"\">II-ALEGACIONES-AL-AREA-DE-PROTECCION.docx<\/a><\/p>\n\n\n\n<p><\/p>\n","protected":false},"excerpt":{"rendered":"<p>En el siglo XIV, D. Tello de Castilla, hijo natural del rey Alfonso XI, se\u00f1or de Aguilar de Campo y Casta\u00f1eda, entre otros t\u00edtulos, concede a su ayo D. Juan S\u00e1nchez de Bustamante un mayorazgo en Quijas; construyendo una torre <a class=\"more-link\" href=\"https:\/\/villapresente.online\/?p=742\">Seguir leyendo <span class=\"screen-reader-text\">  EXPEDIENTE DE DECLARACI\u00d3N DEL ENTORNO DE PROTECCI\u00d3N DEL BIEN DE INTERES CULTURAL PALACIO Y TORRE DE LOS BUSTAMANTE EN QUIJAS.<\/span><span class=\"meta-nav\">&rarr;<\/span><\/a><\/p>\n","protected":false},"author":1,"featured_media":0,"comment_status":"closed","ping_status":"closed","sticky":true,"template":"","format":"standard","meta":{"om_disable_all_campaigns":false,"_monsterinsights_skip_tracking":false,"_monsterinsights_sitenote_active":false,"_monsterinsights_sitenote_note":"","_monsterinsights_sitenote_category":0,"fifu_image_url":"","fifu_image_alt":"","footnotes":""},"categories":[1],"tags":[],"class_list":["post-742","post","type-post","status-publish","format-standard","hentry","category-blog"],"aioseo_notices":[],"_links":{"self":[{"href":"https:\/\/villapresente.online\/index.php?rest_route=\/wp\/v2\/posts\/742","targetHints":{"allow":["GET"]}}],"collection":[{"href":"https:\/\/villapresente.online\/index.php?rest_route=\/wp\/v2\/posts"}],"about":[{"href":"https:\/\/villapresente.online\/index.php?rest_route=\/wp\/v2\/types\/post"}],"author":[{"embeddable":true,"href":"https:\/\/villapresente.online\/index.php?rest_route=\/wp\/v2\/users\/1"}],"replies":[{"embeddable":true,"href":"https:\/\/villapresente.online\/index.php?rest_route=%2Fwp%2Fv2%2Fcomments&post=742"}],"version-history":[{"count":9,"href":"https:\/\/villapresente.online\/index.php?rest_route=\/wp\/v2\/posts\/742\/revisions"}],"predecessor-version":[{"id":1007,"href":"https:\/\/villapresente.online\/index.php?rest_route=\/wp\/v2\/posts\/742\/revisions\/1007"}],"wp:attachment":[{"href":"https:\/\/villapresente.online\/index.php?rest_route=%2Fwp%2Fv2%2Fmedia&parent=742"}],"wp:term":[{"taxonomy":"category","embeddable":true,"href":"https:\/\/villapresente.online\/index.php?rest_route=%2Fwp%2Fv2%2Fcategories&post=742"},{"taxonomy":"post_tag","embeddable":true,"href":"https:\/\/villapresente.online\/index.php?rest_route=%2Fwp%2Fv2%2Ftags&post=742"}],"curies":[{"name":"wp","href":"https:\/\/api.w.org\/{rel}","templated":true}]}}