{"id":1104,"date":"2026-08-30T13:00:43","date_gmt":"2026-08-30T11:00:43","guid":{"rendered":"https:\/\/villapresente.online\/?p=1104"},"modified":"2026-08-30T13:06:23","modified_gmt":"2026-08-30T11:06:23","slug":"fiesta-de-la-guarda","status":"publish","type":"post","link":"https:\/\/villapresente.online\/?p=1104","title":{"rendered":"FIESTA DE \u00abLA GUARDA\u00bb"},"content":{"rendered":"\n<p>El pr\u00f3ximo d\u00eda 12 de septiembre a las 12 del mediod\u00eda celebraremos Santa Misa en la ermita de Nuestra Se\u00f1ora de la Guarda en honor de la patrona de nuestro templo.&nbsp;<\/p>\n\n\n\n<figure class=\"wp-block-image size-large\"><img loading=\"lazy\" decoding=\"async\" width=\"683\" height=\"1024\" src=\"https:\/\/villapresente.online\/wp-content\/uploads\/2026\/08\/Cartel-misa-en-la-Guarda-683x1024.png\" alt=\"\" class=\"wp-image-1105\" srcset=\"https:\/\/villapresente.online\/wp-content\/uploads\/2026\/08\/Cartel-misa-en-la-Guarda-683x1024.png 683w, https:\/\/villapresente.online\/wp-content\/uploads\/2026\/08\/Cartel-misa-en-la-Guarda-200x300.png 200w, https:\/\/villapresente.online\/wp-content\/uploads\/2026\/08\/Cartel-misa-en-la-Guarda-768x1152.png 768w, https:\/\/villapresente.online\/wp-content\/uploads\/2026\/08\/Cartel-misa-en-la-Guarda.png 1024w\" sizes=\"auto, (max-width: 683px) 100vw, 683px\" \/><\/figure>\n\n\n\n<p>El d\u00eda 8 de septiembre es&nbsp; la festividad de&nbsp;<strong>\u201cLa Natividad de la Virgen Mar\u00eda\u201d<\/strong>, con innumerables fiestas en toda Espa\u00f1a como \u201cLa Virgen de la Cinta\u201d en Huelva, \u201cLa Virgen de Guadalupe\u201d en Extremadura, \u201cLa virgen de la Pe\u00f1a de Francia\u201d en Salamanca, \u201cLa Virgen de San Lorenzo\u201d en Valladolid, \u201cLa Virgen de la Salceda\u201d en Guadalajera y Rioja, \u201cLa Virgen de Covadonga\u201d en Asturias y curiosamente&nbsp;<strong>\u201cLa Virgen de la Esperanza\u201d en Los Pisos y \u201cLa Virgen de la Guarda\u201d en Villapresente.<\/strong><\/p>\n\n\n\n<p>Actualmente, celebramos con devoci\u00f3n la festividad de la&nbsp;<strong>Virgen del Carmen<\/strong>&nbsp;el \u00faltimo domingo del mes de julio, patrona de los marineros, sin conocer el motivo del por qu\u00e9 se eligi\u00f3 esa fecha cuando en el calendario lit\u00fargico se fija el 16 de julio.<\/p>\n\n\n\n<p>&nbsp;La imagen de \u201cLa Virgen del Carmen\u201d ya pose\u00eda su altar propio dentro de la ermita de \u201cNuestra Se\u00f1ora de la Guarda\u201d en el siglo XVIII, seg\u00fan consta en el acta del 8 de marzo de 1797 del&nbsp;<em>\u201clibro de f\u00e1brica\u201d<\/em>&nbsp;escrito por el Mayordomo del templo.<\/p>\n\n\n\n<p>Aunque las fiestas principales celebradas por el Capell\u00e1n eran las de San Antonio y La Virgen de la Guarda, en el libro de actas de&nbsp;<em>\u201cLa Junta Vecinal\u201d<\/em>&nbsp;del a\u00f1o 1922 se se\u00f1ala como fiesta m\u00e1s importante la de la Virgen del Carmen, hasta el punto de dejar de celebrarse las anteriores.<\/p>\n\n\n\n<p>Sent\u00edamos una gran deuda hist\u00f3rica y sentimental con&nbsp;<em>\u201cNuestra Se\u00f1ora de la Guarda\u201d<\/em>&nbsp;porque siendo la patrona de nuestra ermita ha sido olvidada en la devoci\u00f3n de nuestro pueblo y cuanto menos, merece fijar una fecha para la celebraci\u00f3n de una Santa Misa cada a\u00f1o.<\/p>\n\n\n\n<p>Tenemos un nuevo sacerdote en el ayuntamiento de Reoc\u00edn, Don Alejandro Sol\u00f3rzano S\u00e1nchez, que apoya con devoci\u00f3n la celebraci\u00f3n de este acto y la recuperaci\u00f3n e institualizaci\u00f3n del mismo para los pr\u00f3ximos a\u00f1os.<\/p>\n\n\n\n<p>Os adjunto el documento que justifica y razona la justicia de recuperar la festividad de&nbsp;<strong>\u00abNuestra Se\u00f1ora de la Guarda\u00bb.&nbsp;<\/strong>Espero que os guste y asist\u00e1is a celebraci\u00f3n de la Santa Misa el s\u00e1bado 12 de septiembre a las 12 del mediodia. Previamente, a las 11,30, realizar\u00e9 una breve exposici\u00f3n sobre la historia de la ermita.<\/p>\n\n\n\n<p><a href=\"http:\/\/villapresente.online\/wp-content\/uploads\/2026\/08\/SANTA-MISA-EN-LA-GUARDA.pdf\">SANTA MISA EN \u00abLA GUARDA\u00bb PDF<\/a><\/p>\n\n\n\n<p><\/p>\n","protected":false},"excerpt":{"rendered":"<p>El pr\u00f3ximo d\u00eda 12 de septiembre a las 12 del mediod\u00eda celebraremos Santa Misa en la ermita de Nuestra Se\u00f1ora de la Guarda en honor de la patrona de nuestro templo.&nbsp; El d\u00eda 8 de septiembre es&nbsp; la festividad de&nbsp;\u201cLa <a class=\"more-link\" href=\"https:\/\/villapresente.online\/?p=1104\">Seguir leyendo <span class=\"screen-reader-text\">  FIESTA DE \u00abLA GUARDA\u00bb<\/span><span class=\"meta-nav\">&rarr;<\/span><\/a><\/p>\n","protected":false},"author":1,"featured_media":0,"comment_status":"closed","ping_status":"closed","sticky":true,"template":"","format":"standard","meta":{"om_disable_all_campaigns":false,"_monsterinsights_skip_tracking":false,"fifu_image_url":"","fifu_image_alt":"","footnotes":""},"categories":[1],"tags":[],"class_list":["post-1104","post","type-post","status-publish","format-standard","hentry","category-blog"],"aioseo_notices":[],"aioseo_head":"\n\t\t<!-- All in One SEO 5.0.1.1 - aioseo.com -->\n\t<meta name=\"description\" content=\"El pr\u00f3ximo d\u00eda 12 de septiembre a las 12 del mediod\u00eda celebraremos Santa Misa en la ermita de Nuestra Se\u00f1ora de la Guarda en honor de la patrona de nuestro templo. El d\u00eda 8 de septiembre es la festividad de \u201cLa Natividad de la Virgen Mar\u00eda\u201d, con innumerables fiestas en toda Espa\u00f1a como \u201cLa Virgen de\" \/>\n\t<meta name=\"robots\" content=\"max-image-preview:large\" \/>\n\t<meta name=\"author\" content=\"villapresente.online\"\/>\n\t<link rel=\"canonical\" href=\"https:\/\/villapresente.online\/?p=1104\" \/>\n\t<meta name=\"generator\" content=\"All in One SEO (AIOSEO) 5.0.1.1\" \/>\n\t\t<meta property=\"og:locale\" content=\"es_ES\" \/>\n\t\t<meta property=\"og:site_name\" content=\"villapresente.online - historia, cultura y tradiciones de Villapresente\" \/>\n\t\t<meta property=\"og:type\" content=\"article\" \/>\n\t\t<meta property=\"og:title\" content=\"FIESTA DE \u00abLA GUARDA\u00bb - villapresente.online\" \/>\n\t\t<meta property=\"og:description\" content=\"El pr\u00f3ximo d\u00eda 12 de septiembre a las 12 del mediod\u00eda celebraremos Santa Misa en la ermita de Nuestra Se\u00f1ora de la Guarda en honor de la patrona de nuestro templo. El d\u00eda 8 de septiembre es la festividad de \u201cLa Natividad de la Virgen Mar\u00eda\u201d, con innumerables fiestas en toda Espa\u00f1a como \u201cLa Virgen de\" \/>\n\t\t<meta property=\"og:url\" content=\"https:\/\/villapresente.online\/?p=1104\" \/>\n\t\t<meta property=\"article:published_time\" content=\"2026-08-30T11:00:43+00:00\" \/>\n\t\t<meta property=\"article:modified_time\" content=\"2026-08-30T11:06:23+00:00\" \/>\n\t\t<meta name=\"twitter:card\" content=\"summary_large_image\" \/>\n\t\t<meta name=\"twitter:title\" content=\"FIESTA DE \u00abLA GUARDA\u00bb - villapresente.online\" \/>\n\t\t<meta name=\"twitter:description\" content=\"El pr\u00f3ximo d\u00eda 12 de septiembre a las 12 del mediod\u00eda celebraremos Santa Misa en la ermita de Nuestra Se\u00f1ora de la Guarda en honor de la patrona de nuestro templo. El d\u00eda 8 de septiembre es la festividad de \u201cLa Natividad de la Virgen Mar\u00eda\u201d, con innumerables fiestas en toda Espa\u00f1a como \u201cLa Virgen de\" \/>\n\t\t<script type=\"application\/ld+json\" class=\"aioseo-schema\">\n\t\t\t{\"@context\":\"https:\\\/\\\/schema.org\",\"@graph\":[{\"@type\":\"BlogPosting\",\"@id\":\"https:\\\/\\\/villapresente.online\\\/?p=1104#blogposting\",\"name\":\"FIESTA DE \\u00abLA GUARDA\\u00bb - villapresente.online\",\"headline\":\"FIESTA DE \\u00abLA GUARDA\\u00bb\",\"author\":{\"@id\":\"https:\\\/\\\/villapresente.online\\\/?author=1#author\"},\"publisher\":{\"@id\":\"https:\\\/\\\/villapresente.online\\\/#organization\"},\"image\":{\"@type\":\"ImageObject\",\"url\":\"https:\\\/\\\/villapresente.online\\\/wp-content\\\/uploads\\\/2026\\\/08\\\/Cartel-misa-en-la-Guarda-683x1024.png\",\"@id\":\"https:\\\/\\\/villapresente.online\\\/?p=1104\\\/#articleImage\"},\"datePublished\":\"2026-08-30T13:00:43+02:00\",\"dateModified\":\"2026-08-30T13:06:23+02:00\",\"inLanguage\":\"es-ES\",\"mainEntityOfPage\":{\"@id\":\"https:\\\/\\\/villapresente.online\\\/?p=1104#webpage\"},\"isPartOf\":{\"@id\":\"https:\\\/\\\/villapresente.online\\\/?p=1104#webpage\"},\"articleSection\":\"Blog\"},{\"@type\":\"BreadcrumbList\",\"@id\":\"https:\\\/\\\/villapresente.online\\\/?p=1104#breadcrumblist\",\"itemListElement\":[{\"@type\":\"ListItem\",\"@id\":\"https:\\\/\\\/villapresente.online#listItem\",\"position\":1,\"name\":\"Home\",\"item\":\"https:\\\/\\\/villapresente.online\",\"nextItem\":{\"@type\":\"ListItem\",\"@id\":\"https:\\\/\\\/villapresente.online\\\/?cat=1#listItem\",\"name\":\"Blog\"}},{\"@type\":\"ListItem\",\"@id\":\"https:\\\/\\\/villapresente.online\\\/?cat=1#listItem\",\"position\":2,\"name\":\"Blog\",\"item\":\"https:\\\/\\\/villapresente.online\\\/?cat=1\",\"nextItem\":{\"@type\":\"ListItem\",\"@id\":\"https:\\\/\\\/villapresente.online\\\/?p=1104#listItem\",\"name\":\"FIESTA DE \\u00abLA GUARDA\\u00bb\"},\"previousItem\":{\"@type\":\"ListItem\",\"@id\":\"https:\\\/\\\/villapresente.online#listItem\",\"name\":\"Home\"}},{\"@type\":\"ListItem\",\"@id\":\"https:\\\/\\\/villapresente.online\\\/?p=1104#listItem\",\"position\":3,\"name\":\"FIESTA DE \\u00abLA GUARDA\\u00bb\",\"previousItem\":{\"@type\":\"ListItem\",\"@id\":\"https:\\\/\\\/villapresente.online\\\/?cat=1#listItem\",\"name\":\"Blog\"}}]},{\"@type\":\"Organization\",\"@id\":\"https:\\\/\\\/villapresente.online\\\/#organization\",\"name\":\"villapresente.online\",\"description\":\"historia, cultura y tradiciones de Villapresente\",\"url\":\"https:\\\/\\\/villapresente.online\\\/\"},{\"@type\":\"Person\",\"@id\":\"https:\\\/\\\/villapresente.online\\\/?author=1#author\",\"url\":\"https:\\\/\\\/villapresente.online\\\/?author=1\",\"name\":\"villapresente.online\"},{\"@type\":\"WebPage\",\"@id\":\"https:\\\/\\\/villapresente.online\\\/?p=1104#webpage\",\"url\":\"https:\\\/\\\/villapresente.online\\\/?p=1104\",\"name\":\"FIESTA DE \\u00abLA GUARDA\\u00bb - villapresente.online\",\"description\":\"El pr\\u00f3ximo d\\u00eda 12 de septiembre a las 12 del mediod\\u00eda celebraremos Santa Misa en la ermita de Nuestra Se\\u00f1ora de la Guarda en honor de la patrona de nuestro templo. El d\\u00eda 8 de septiembre es la festividad de \\u201cLa Natividad de la Virgen Mar\\u00eda\\u201d, con innumerables fiestas en toda Espa\\u00f1a como \\u201cLa Virgen de\",\"inLanguage\":\"es-ES\",\"isPartOf\":{\"@id\":\"https:\\\/\\\/villapresente.online\\\/#website\"},\"breadcrumb\":{\"@id\":\"https:\\\/\\\/villapresente.online\\\/?p=1104#breadcrumblist\"},\"author\":{\"@id\":\"https:\\\/\\\/villapresente.online\\\/?author=1#author\"},\"creator\":{\"@id\":\"https:\\\/\\\/villapresente.online\\\/?author=1#author\"},\"datePublished\":\"2026-08-30T13:00:43+02:00\",\"dateModified\":\"2026-08-30T13:06:23+02:00\"},{\"@type\":\"WebSite\",\"@id\":\"https:\\\/\\\/villapresente.online\\\/#website\",\"url\":\"https:\\\/\\\/villapresente.online\\\/\",\"name\":\"villapresente.online\",\"description\":\"historia, cultura y tradiciones de Villapresente\",\"inLanguage\":\"es-ES\",\"publisher\":{\"@id\":\"https:\\\/\\\/villapresente.online\\\/#organization\"}}]}\n\t\t<\/script>\n\t\t<!-- All in One SEO -->\n\n","aioseo_head_json":{"title":"FIESTA DE \u00abLA GUARDA\u00bb - villapresente.online","description":"El pr\u00f3ximo d\u00eda 12 de septiembre a las 12 del mediod\u00eda celebraremos Santa Misa en la ermita de Nuestra Se\u00f1ora de la Guarda en honor de la patrona de nuestro templo. El d\u00eda 8 de septiembre es la festividad de \u201cLa Natividad de la Virgen Mar\u00eda\u201d, con innumerables fiestas en toda Espa\u00f1a como \u201cLa Virgen de","canonical_url":"https:\/\/villapresente.online\/?p=1104","robots":"max-image-preview:large","keywords":"","webmasterTools":{"miscellaneous":""},"schema":{"@context":"https:\/\/schema.org","@graph":[{"@type":"BlogPosting","@id":"https:\/\/villapresente.online\/?p=1104#blogposting","name":"FIESTA DE \u00abLA GUARDA\u00bb - villapresente.online","headline":"FIESTA DE \u00abLA GUARDA\u00bb","author":{"@id":"https:\/\/villapresente.online\/?author=1#author"},"publisher":{"@id":"https:\/\/villapresente.online\/#organization"},"image":{"@type":"ImageObject","url":"https:\/\/villapresente.online\/wp-content\/uploads\/2026\/08\/Cartel-misa-en-la-Guarda-683x1024.png","@id":"https:\/\/villapresente.online\/?p=1104\/#articleImage"},"datePublished":"2026-08-30T13:00:43+02:00","dateModified":"2026-08-30T13:06:23+02:00","inLanguage":"es-ES","mainEntityOfPage":{"@id":"https:\/\/villapresente.online\/?p=1104#webpage"},"isPartOf":{"@id":"https:\/\/villapresente.online\/?p=1104#webpage"},"articleSection":"Blog"},{"@type":"BreadcrumbList","@id":"https:\/\/villapresente.online\/?p=1104#breadcrumblist","itemListElement":[{"@type":"ListItem","@id":"https:\/\/villapresente.online#listItem","position":1,"name":"Home","item":"https:\/\/villapresente.online","nextItem":{"@type":"ListItem","@id":"https:\/\/villapresente.online\/?cat=1#listItem","name":"Blog"}},{"@type":"ListItem","@id":"https:\/\/villapresente.online\/?cat=1#listItem","position":2,"name":"Blog","item":"https:\/\/villapresente.online\/?cat=1","nextItem":{"@type":"ListItem","@id":"https:\/\/villapresente.online\/?p=1104#listItem","name":"FIESTA DE \u00abLA GUARDA\u00bb"},"previousItem":{"@type":"ListItem","@id":"https:\/\/villapresente.online#listItem","name":"Home"}},{"@type":"ListItem","@id":"https:\/\/villapresente.online\/?p=1104#listItem","position":3,"name":"FIESTA DE \u00abLA GUARDA\u00bb","previousItem":{"@type":"ListItem","@id":"https:\/\/villapresente.online\/?cat=1#listItem","name":"Blog"}}]},{"@type":"Organization","@id":"https:\/\/villapresente.online\/#organization","name":"villapresente.online","description":"historia, cultura y tradiciones de Villapresente","url":"https:\/\/villapresente.online\/"},{"@type":"Person","@id":"https:\/\/villapresente.online\/?author=1#author","url":"https:\/\/villapresente.online\/?author=1","name":"villapresente.online"},{"@type":"WebPage","@id":"https:\/\/villapresente.online\/?p=1104#webpage","url":"https:\/\/villapresente.online\/?p=1104","name":"FIESTA DE \u00abLA GUARDA\u00bb - villapresente.online","description":"El pr\u00f3ximo d\u00eda 12 de septiembre a las 12 del mediod\u00eda celebraremos Santa Misa en la ermita de Nuestra Se\u00f1ora de la Guarda en honor de la patrona de nuestro templo. El d\u00eda 8 de septiembre es la festividad de \u201cLa Natividad de la Virgen Mar\u00eda\u201d, con innumerables fiestas en toda Espa\u00f1a como \u201cLa Virgen de","inLanguage":"es-ES","isPartOf":{"@id":"https:\/\/villapresente.online\/#website"},"breadcrumb":{"@id":"https:\/\/villapresente.online\/?p=1104#breadcrumblist"},"author":{"@id":"https:\/\/villapresente.online\/?author=1#author"},"creator":{"@id":"https:\/\/villapresente.online\/?author=1#author"},"datePublished":"2026-08-30T13:00:43+02:00","dateModified":"2026-08-30T13:06:23+02:00"},{"@type":"WebSite","@id":"https:\/\/villapresente.online\/#website","url":"https:\/\/villapresente.online\/","name":"villapresente.online","description":"historia, cultura y tradiciones de Villapresente","inLanguage":"es-ES","publisher":{"@id":"https:\/\/villapresente.online\/#organization"}}]},"og:locale":"es_ES","og:site_name":"villapresente.online - historia, cultura y tradiciones de Villapresente","og:type":"article","og:title":"FIESTA DE \u00abLA GUARDA\u00bb - villapresente.online","og:description":"El pr\u00f3ximo d\u00eda 12 de septiembre a las 12 del mediod\u00eda celebraremos Santa Misa en la ermita de Nuestra Se\u00f1ora de la Guarda en honor de la patrona de nuestro templo. El d\u00eda 8 de septiembre es la festividad de \u201cLa Natividad de la Virgen Mar\u00eda\u201d, con innumerables fiestas en toda Espa\u00f1a como \u201cLa Virgen de","og:url":"https:\/\/villapresente.online\/?p=1104","article:published_time":"2026-08-30T11:00:43+00:00","article:modified_time":"2026-08-30T11:06:23+00:00","twitter:card":"summary_large_image","twitter:title":"FIESTA DE \u00abLA GUARDA\u00bb - villapresente.online","twitter:description":"El pr\u00f3ximo d\u00eda 12 de septiembre a las 12 del mediod\u00eda celebraremos Santa Misa en la ermita de Nuestra Se\u00f1ora de la Guarda en honor de la patrona de nuestro templo. El d\u00eda 8 de septiembre es la festividad de \u201cLa Natividad de la Virgen Mar\u00eda\u201d, con innumerables fiestas en toda Espa\u00f1a como \u201cLa Virgen de"},"aioseo_meta_data":{"post_id":"1104","title":null,"description":null,"keywords":null,"keyphrases":{"focus":{"keyphrase":"","score":0,"analysis":{"keyphraseInTitle":{"score":0,"maxScore":9,"error":1}}},"additional":[]},"primary_term":null,"canonical_url":null,"og_title":null,"og_description":null,"og_object_type":"default","og_image_type":"default","og_image_url":null,"og_image_width":null,"og_image_height":null,"og_image_custom_url":null,"og_image_custom_fields":null,"og_video":"","og_custom_url":null,"og_article_section":null,"og_article_tags":null,"twitter_use_og":false,"twitter_card":"default","twitter_image_type":"default","twitter_image_url":null,"twitter_image_custom_url":null,"twitter_image_custom_fields":null,"twitter_title":null,"twitter_description":null,"schema":{"blockGraphs":[],"customGraphs":[],"default":{"data":{"Article":[],"Course":[],"Dataset":[],"FAQPage":[],"Movie":[],"Person":[],"Product":[],"ProductReview":[],"Car":[],"Recipe":[],"Service":[],"SoftwareApplication":[],"WebPage":[]},"graphName":"BlogPosting","isEnabled":true},"graphs":[]},"schema_type":"default","schema_type_options":null,"pillar_content":false,"robots_default":true,"robots_noindex":false,"robots_noarchive":false,"robots_nosnippet":false,"robots_nofollow":false,"robots_noimageindex":false,"robots_noodp":false,"robots_notranslate":false,"robots_max_snippet":"-1","robots_max_videopreview":"-1","robots_max_imagepreview":"large","priority":null,"frequency":"default","local_seo":null,"breadcrumb_settings":null,"limit_modified_date":false,"ai":{"faqs":[],"keyPoints":[],"schemas":[],"titles":[],"descriptions":[],"socialPosts":{"email":{"subject":"","preview":"","content":""},"linkedin":[],"twitter":[],"facebook":[],"instagram":[]}},"created":"2026-08-30 10:57:12","updated":"2026-08-30 11:06:23","seo_analyzer_scan_date":null,"focus_keyword":null,"additional_keywords":null,"truseo_locale":null},"aioseo_breadcrumb":"<div class=\"aioseo-breadcrumbs\"><span class=\"aioseo-breadcrumb\">\n\t\t\t<a href=\"https:\/\/villapresente.online\" title=\"Home\">Home<\/a>\n\t\t<\/span><span class=\"aioseo-breadcrumb-separator\">&raquo;<\/span><span class=\"aioseo-breadcrumb\">\n\t\t\t<a href=\"https:\/\/villapresente.online\/?cat=1\" title=\"Blog\">Blog<\/a>\n\t\t<\/span><span class=\"aioseo-breadcrumb-separator\">&raquo;<\/span><span class=\"aioseo-breadcrumb\">\n\t\t\tFIESTA DE \u00abLA GUARDA\u00bb\n\t\t<\/span><\/div>","aioseo_breadcrumb_json":[{"label":"Home","link":"https:\/\/villapresente.online"},{"label":"Blog","link":"https:\/\/villapresente.online\/?cat=1"},{"label":"FIESTA DE \u00abLA GUARDA\u00bb","link":"https:\/\/villapresente.online\/?p=1104"}],"_links":{"self":[{"href":"https:\/\/villapresente.online\/index.php?rest_route=\/wp\/v2\/posts\/1104","targetHints":{"allow":["GET"]}}],"collection":[{"href":"https:\/\/villapresente.online\/index.php?rest_route=\/wp\/v2\/posts"}],"about":[{"href":"https:\/\/villapresente.online\/index.php?rest_route=\/wp\/v2\/types\/post"}],"author":[{"embeddable":true,"href":"https:\/\/villapresente.online\/index.php?rest_route=\/wp\/v2\/users\/1"}],"replies":[{"embeddable":true,"href":"https:\/\/villapresente.online\/index.php?rest_route=%2Fwp%2Fv2%2Fcomments&post=1104"}],"version-history":[{"count":2,"href":"https:\/\/villapresente.online\/index.php?rest_route=\/wp\/v2\/posts\/1104\/revisions"}],"predecessor-version":[{"id":1108,"href":"https:\/\/villapresente.online\/index.php?rest_route=\/wp\/v2\/posts\/1104\/revisions\/1108"}],"wp:attachment":[{"href":"https:\/\/villapresente.online\/index.php?rest_route=%2Fwp%2Fv2%2Fmedia&parent=1104"}],"wp:term":[{"taxonomy":"category","embeddable":true,"href":"https:\/\/villapresente.online\/index.php?rest_route=%2Fwp%2Fv2%2Fcategories&post=1104"},{"taxonomy":"post_tag","embeddable":true,"href":"https:\/\/villapresente.online\/index.php?rest_route=%2Fwp%2Fv2%2Ftags&post=1104"}],"curies":[{"name":"wp","href":"https:\/\/api.w.org\/{rel}","templated":true}]}}