{"id":1062,"date":"2025-10-17T10:39:11","date_gmt":"2025-10-17T08:39:11","guid":{"rendered":"https:\/\/villapresente.online\/?p=1062"},"modified":"2026-02-23T19:22:43","modified_gmt":"2026-02-23T18:22:43","slug":"los-laureles","status":"publish","type":"post","link":"https:\/\/villapresente.online\/?p=1062","title":{"rendered":"LOS LAURELES"},"content":{"rendered":"\n<figure class=\"wp-block-image size-large\"><img loading=\"lazy\" decoding=\"async\" width=\"1024\" height=\"768\" src=\"http:\/\/villapresente.online\/wp-content\/uploads\/2025\/10\/Imagen-de-WhatsApp-2024-11-25-a-las-18.29.59_7f3ca4be-1024x768.jpg\" alt=\"\" class=\"wp-image-1059\" srcset=\"https:\/\/villapresente.online\/wp-content\/uploads\/2025\/10\/Imagen-de-WhatsApp-2024-11-25-a-las-18.29.59_7f3ca4be-1024x768.jpg 1024w, https:\/\/villapresente.online\/wp-content\/uploads\/2025\/10\/Imagen-de-WhatsApp-2024-11-25-a-las-18.29.59_7f3ca4be-300x225.jpg 300w, https:\/\/villapresente.online\/wp-content\/uploads\/2025\/10\/Imagen-de-WhatsApp-2024-11-25-a-las-18.29.59_7f3ca4be-768x576.jpg 768w, https:\/\/villapresente.online\/wp-content\/uploads\/2025\/10\/Imagen-de-WhatsApp-2024-11-25-a-las-18.29.59_7f3ca4be-1536x1152.jpg 1536w, https:\/\/villapresente.online\/wp-content\/uploads\/2025\/10\/Imagen-de-WhatsApp-2024-11-25-a-las-18.29.59_7f3ca4be.jpg 2000w\" sizes=\"auto, (max-width: 1024px) 100vw, 1024px\" \/><\/figure>\n\n\n\n<p>Para los de mi generaci\u00f3n, <em>\u201cLos Laureles\u201d<\/em> es la imponente casona del &nbsp;&nbsp;Doctor Jos\u00e9 \u00c1ngel Juanco G\u00f3mez de la Casa y de \u00c1ngela Linares Ortiz.  Esta galer\u00eda es un homenaje a toda su familia y ha sido posible gracias a la generosa<em> <\/em>cesi\u00f3n de  fotograf\u00edas, documentos y testimonios por parte de sus hijos: Jos\u00e9,&nbsp;Francisco, Luis y Sara.<\/p>\n\n\n\n<figure class=\"wp-block-image size-large\"><img loading=\"lazy\" decoding=\"async\" width=\"1024\" height=\"653\" src=\"http:\/\/villapresente.online\/wp-content\/uploads\/2025\/10\/familiar-1024x653.jpg\" alt=\"\" class=\"wp-image-1061\" srcset=\"https:\/\/villapresente.online\/wp-content\/uploads\/2025\/10\/familiar-1024x653.jpg 1024w, https:\/\/villapresente.online\/wp-content\/uploads\/2025\/10\/familiar-300x191.jpg 300w, https:\/\/villapresente.online\/wp-content\/uploads\/2025\/10\/familiar-768x490.jpg 768w, https:\/\/villapresente.online\/wp-content\/uploads\/2025\/10\/familiar.jpg 1292w\" sizes=\"auto, (max-width: 1024px) 100vw, 1024px\" \/><\/figure>\n\n\n\n<p>Para la historia \u201cLos Laureles\u201d es la morada de una de las familias m\u00e1s importantes de Villapresente, que durante sucesivas generaciones fueron ocupando cargos de gobierno y responsabilidad en \u201c<em>el concejo\u201d, <\/em>como lo demuestra las gestiones realizadas por D. \u00c1ngel G\u00f3mez de la Casa<strong> <\/strong>a favor del patronato de \u201cLa obra de las Escuelas P\u00edas\u201d de Villapresente.<\/p>\n\n\n\n<p><a href=\"http:\/\/villapresente.online\/wp-content\/uploads\/2025\/10\/Los-laureles.pdf\" title=\"\">LOS LAURELES PDF<\/a><\/p>\n\n\n\n<p><a href=\"http:\/\/villapresente.online\/wp-content\/uploads\/2026\/02\/Descendientes-de-Andres-Gomez-de-la-Casa-y-Aguera-Bustamante-1.pdf\" title=\"\">DESCENDIENTES DE ANDR\u00c9S G\u00d3MEZ DE LA CASA PDF<\/a><\/p>\n","protected":false},"excerpt":{"rendered":"<p>Para los de mi generaci\u00f3n, \u201cLos Laureles\u201d es la imponente casona del &nbsp;&nbsp;Doctor Jos\u00e9 \u00c1ngel Juanco G\u00f3mez de la Casa y de \u00c1ngela Linares Ortiz. Esta galer\u00eda es un homenaje a toda su familia y ha sido posible gracias a <a class=\"more-link\" href=\"https:\/\/villapresente.online\/?p=1062\">Seguir leyendo <span class=\"screen-reader-text\">  LOS LAURELES<\/span><span class=\"meta-nav\">&rarr;<\/span><\/a><\/p>\n","protected":false},"author":1,"featured_media":0,"comment_status":"closed","ping_status":"closed","sticky":true,"template":"","format":"standard","meta":{"om_disable_all_campaigns":false,"_monsterinsights_skip_tracking":false,"_monsterinsights_sitenote_active":false,"_monsterinsights_sitenote_note":"","_monsterinsights_sitenote_category":0,"fifu_image_url":"","fifu_image_alt":"","footnotes":""},"categories":[1],"tags":[],"class_list":["post-1062","post","type-post","status-publish","format-standard","hentry","category-blog"],"aioseo_notices":[],"_links":{"self":[{"href":"https:\/\/villapresente.online\/index.php?rest_route=\/wp\/v2\/posts\/1062","targetHints":{"allow":["GET"]}}],"collection":[{"href":"https:\/\/villapresente.online\/index.php?rest_route=\/wp\/v2\/posts"}],"about":[{"href":"https:\/\/villapresente.online\/index.php?rest_route=\/wp\/v2\/types\/post"}],"author":[{"embeddable":true,"href":"https:\/\/villapresente.online\/index.php?rest_route=\/wp\/v2\/users\/1"}],"replies":[{"embeddable":true,"href":"https:\/\/villapresente.online\/index.php?rest_route=%2Fwp%2Fv2%2Fcomments&post=1062"}],"version-history":[{"count":4,"href":"https:\/\/villapresente.online\/index.php?rest_route=\/wp\/v2\/posts\/1062\/revisions"}],"predecessor-version":[{"id":1089,"href":"https:\/\/villapresente.online\/index.php?rest_route=\/wp\/v2\/posts\/1062\/revisions\/1089"}],"wp:attachment":[{"href":"https:\/\/villapresente.online\/index.php?rest_route=%2Fwp%2Fv2%2Fmedia&parent=1062"}],"wp:term":[{"taxonomy":"category","embeddable":true,"href":"https:\/\/villapresente.online\/index.php?rest_route=%2Fwp%2Fv2%2Fcategories&post=1062"},{"taxonomy":"post_tag","embeddable":true,"href":"https:\/\/villapresente.online\/index.php?rest_route=%2Fwp%2Fv2%2Ftags&post=1062"}],"curies":[{"name":"wp","href":"https:\/\/api.w.org\/{rel}","templated":true}]}}