{"id":1051,"date":"2025-09-15T17:48:12","date_gmt":"2025-09-15T15:48:12","guid":{"rendered":"https:\/\/villapresente.online\/?p=1051"},"modified":"2026-02-10T11:32:02","modified_gmt":"2026-02-10T10:32:02","slug":"control-de-caudal-saih","status":"publish","type":"post","link":"https:\/\/villapresente.online\/?p=1051","title":{"rendered":"CONTROL DE CAUDAL (SAIH)"},"content":{"rendered":"\n<figure class=\"wp-block-image size-full\"><img loading=\"lazy\" decoding=\"async\" width=\"1024\" height=\"768\" src=\"http:\/\/villapresente.online\/wp-content\/uploads\/2025\/09\/Presa-Bedon-1.jpg\" alt=\"\" class=\"wp-image-1050\" srcset=\"https:\/\/villapresente.online\/wp-content\/uploads\/2025\/09\/Presa-Bedon-1.jpg 1024w, https:\/\/villapresente.online\/wp-content\/uploads\/2025\/09\/Presa-Bedon-1-300x225.jpg 300w, https:\/\/villapresente.online\/wp-content\/uploads\/2025\/09\/Presa-Bedon-1-768x576.jpg 768w\" sizes=\"auto, (max-width: 1024px) 100vw, 1024px\" \/><\/figure>\n\n\n\n<p>El d\u00eda 10 de febrero de 2025 \u201cEl Ministerio para la Transici\u00f3n Ecol\u00f3gica y el Reto Demogr\u00e1fico\u201d a trav\u00e9s de \u201cLa Confederaci\u00f3n Hidrogr\u00e1fica del Cant\u00e1brico\u201d comunica a los actuales propietarios de de central el\u00e9ctrica de \u201cPav\u00f3n\u201d , \u201cEnel Green Power Espa\u00f1a S.L.\u201d declarar extinguido el derecho de aguas en el r\u00edo Saja para la producci\u00f3n el\u00e9ctrica y exigir la demolici\u00f3n de las infraestructuras <strong>con excepci\u00f3n del azud situado aguas arriba con la finalidad de destinarlo tras las reconversiones que procedan al control hidrol\u00f3gica del r\u00edo Saja en este tramo por parte del Organismo de cuenca.<\/strong><\/p>\n\n\n\n<p>La central se librar\u00e1 de la demolici\u00f3n porque \u201c<em>La Consejer\u00eda de Universidades, Igualdad, Cultura y Deporte\u201d<\/em> a trav\u00e9s de <em>\u201cLa Direcci\u00f3n General de Patrimonio\u201d <\/em>env\u00eda un informe de procedimiento comunicando al Ayuntamiento de Reoc\u00edn y al titular catastral de la central Enel Green Power Espa\u00f1a, S.L. que todos los inmuebles, partes integrantes, pertenencias, accesorios y bienes muebles y documentales que, por su vinculaci\u00f3n con el inmueble, pasar\u00e1n a ser considerados, a todos los efectos, Bien de Inter\u00e9s Local (BIL). &nbsp;<\/p>\n\n\n\n<p>El control hidrol\u00f3gico en el azud alto de Pav\u00f3n, junto a la estaci\u00f3n de Santa Isabel-Quijas inicia su proyecto y ejecuci\u00f3n por la empresa Tragsa en julio de 2025, con un presupuesto de 4.999.069,12 euros y un plazo de ejecuci\u00f3n de 4 meses.<\/p>\n\n\n\n<p><a href=\"http:\/\/villapresente.online\/wp-content\/uploads\/2026\/02\/CONTROL-DE-CAUDAL.pdf\" title=\"\">CONTROL DE CAUDAL PDF<\/a><\/p>\n","protected":false},"excerpt":{"rendered":"<p>El d\u00eda 10 de febrero de 2025 \u201cEl Ministerio para la Transici\u00f3n Ecol\u00f3gica y el Reto Demogr\u00e1fico\u201d a trav\u00e9s de \u201cLa Confederaci\u00f3n Hidrogr\u00e1fica del Cant\u00e1brico\u201d comunica a los actuales propietarios de de central el\u00e9ctrica de \u201cPav\u00f3n\u201d , \u201cEnel Green Power <a class=\"more-link\" href=\"https:\/\/villapresente.online\/?p=1051\">Seguir leyendo <span class=\"screen-reader-text\">  CONTROL DE CAUDAL (SAIH)<\/span><span class=\"meta-nav\">&rarr;<\/span><\/a><\/p>\n","protected":false},"author":1,"featured_media":0,"comment_status":"closed","ping_status":"closed","sticky":true,"template":"","format":"standard","meta":{"om_disable_all_campaigns":false,"_monsterinsights_skip_tracking":false,"_monsterinsights_sitenote_active":false,"_monsterinsights_sitenote_note":"","_monsterinsights_sitenote_category":0,"fifu_image_url":"","fifu_image_alt":"","footnotes":""},"categories":[1],"tags":[],"class_list":["post-1051","post","type-post","status-publish","format-standard","hentry","category-blog"],"aioseo_notices":[],"_links":{"self":[{"href":"https:\/\/villapresente.online\/index.php?rest_route=\/wp\/v2\/posts\/1051","targetHints":{"allow":["GET"]}}],"collection":[{"href":"https:\/\/villapresente.online\/index.php?rest_route=\/wp\/v2\/posts"}],"about":[{"href":"https:\/\/villapresente.online\/index.php?rest_route=\/wp\/v2\/types\/post"}],"author":[{"embeddable":true,"href":"https:\/\/villapresente.online\/index.php?rest_route=\/wp\/v2\/users\/1"}],"replies":[{"embeddable":true,"href":"https:\/\/villapresente.online\/index.php?rest_route=%2Fwp%2Fv2%2Fcomments&post=1051"}],"version-history":[{"count":6,"href":"https:\/\/villapresente.online\/index.php?rest_route=\/wp\/v2\/posts\/1051\/revisions"}],"predecessor-version":[{"id":1086,"href":"https:\/\/villapresente.online\/index.php?rest_route=\/wp\/v2\/posts\/1051\/revisions\/1086"}],"wp:attachment":[{"href":"https:\/\/villapresente.online\/index.php?rest_route=%2Fwp%2Fv2%2Fmedia&parent=1051"}],"wp:term":[{"taxonomy":"category","embeddable":true,"href":"https:\/\/villapresente.online\/index.php?rest_route=%2Fwp%2Fv2%2Fcategories&post=1051"},{"taxonomy":"post_tag","embeddable":true,"href":"https:\/\/villapresente.online\/index.php?rest_route=%2Fwp%2Fv2%2Ftags&post=1051"}],"curies":[{"name":"wp","href":"https:\/\/api.w.org\/{rel}","templated":true}]}}