{"id":1008,"date":"2025-04-22T12:24:17","date_gmt":"2025-04-22T10:24:17","guid":{"rendered":"https:\/\/villapresente.online\/?p=1008"},"modified":"2025-04-26T11:41:33","modified_gmt":"2025-04-26T09:41:33","slug":"proteccion-para-la-central-hidroelectrica-de-la-flor","status":"publish","type":"post","link":"https:\/\/villapresente.online\/?p=1008","title":{"rendered":"PROTECCI\u00d3N PARA LA CENTRAL HIDROEL\u00c9CTRICA DE LA FLOR"},"content":{"rendered":"\n<p>El creciente deterioro y abandono de las instalaciones de la central hidroel\u00e9ctrica de \u201cLa Flor\u201d y el cercano vencimiento de la concesi\u00f3n de aguas del Saja nos mueve a la solicitud de protecci\u00f3n del yacimiento arqueol\u00f3gico industrial y cultural a trav\u00e9s de un BIC (Bien de Inter\u00e9s Cultural) con m\u00e1s fuerza y justificaci\u00f3n que cuando lo solicitamos exclusivamente para \u201cel Pav\u00f3n\u201d, porque estas centrales situadas en el pueblo de Villapresente son el germen y el origen de la electricidad en Cantabria, al haber desempe\u00f1ado un importante papel en la evoluci\u00f3n y en la formaci\u00f3n de su identidad industrial, como representante de una primera fase de implantaci\u00f3n de una red el\u00e9ctrica que contribuy\u00f3 a convertir toda la comarca en un n\u00facleo industrial y al asentamiento de las primeras industrias y posterior establecimiento de grandes empresas.<\/p>\n\n\n\n<figure class=\"wp-block-image size-large\"><img loading=\"lazy\" decoding=\"async\" width=\"1024\" height=\"768\" src=\"https:\/\/villapresente.online\/wp-content\/uploads\/2025\/04\/DSCN1061-1024x768.jpg\" alt=\"\" class=\"wp-image-1009\" srcset=\"https:\/\/villapresente.online\/wp-content\/uploads\/2025\/04\/DSCN1061-1024x768.jpg 1024w, https:\/\/villapresente.online\/wp-content\/uploads\/2025\/04\/DSCN1061-300x225.jpg 300w, https:\/\/villapresente.online\/wp-content\/uploads\/2025\/04\/DSCN1061-768x576.jpg 768w, https:\/\/villapresente.online\/wp-content\/uploads\/2025\/04\/DSCN1061-1536x1152.jpg 1536w, https:\/\/villapresente.online\/wp-content\/uploads\/2025\/04\/DSCN1061-2048x1536.jpg 2048w\" sizes=\"auto, (max-width: 1024px) 100vw, 1024px\" \/><\/figure>\n\n\n\n<p>El proyecto autorizado en 1894 exig\u00eda a la compa\u00f1\u00eda la construcci\u00f3n un muro de defensa de la margen izquierda del r\u00edo en la longitud conveniente para impedir que las aguas invadieran el Monte de La Angustina, propiedad del concejo de Villapresente y que en 1919 ser\u00eda, arrendado al Estado para la instalaci\u00f3n de un vivero forestal. La fuerza de las crecidas del r\u00edo Saja ha dado muestras de su poder destructivo en varias ocasiones. Actualmente el muro a sido derribado por las crecidas y las aguas embisten contra el \u00abvivero forestal\u00bb sin que nadie emprenda su reconstrucci\u00f3n.<\/p>\n\n\n\n<figure class=\"wp-block-image size-large\"><img loading=\"lazy\" decoding=\"async\" width=\"1024\" height=\"576\" src=\"https:\/\/villapresente.online\/wp-content\/uploads\/2025\/04\/rotura-2023b-2-1024x576.jpg\" alt=\"\" class=\"wp-image-1010\" srcset=\"https:\/\/villapresente.online\/wp-content\/uploads\/2025\/04\/rotura-2023b-2-1024x576.jpg 1024w, https:\/\/villapresente.online\/wp-content\/uploads\/2025\/04\/rotura-2023b-2-300x169.jpg 300w, https:\/\/villapresente.online\/wp-content\/uploads\/2025\/04\/rotura-2023b-2-768x432.jpg 768w, https:\/\/villapresente.online\/wp-content\/uploads\/2025\/04\/rotura-2023b-2-1536x864.jpg 1536w, https:\/\/villapresente.online\/wp-content\/uploads\/2025\/04\/rotura-2023b-2.jpg 1599w\" sizes=\"auto, (max-width: 1024px) 100vw, 1024px\" \/><\/figure>\n\n\n\n<p><strong>SOLICITUD DE PROTECCI\u00d3N QUE IMPIDA LA DESAPARICI\u00d3N DEL YACIMIENTO ARQUEOL\u00d3GICO INDUSTRIAL Y CULTURAL DE LA CENTRAL HIDROEL\u00c9CTRICA DE \u201cLA FLOR\u201d<\/strong><a href=\"http:\/\/villapresente.online\/wp-content\/uploads\/2025\/04\/BIC-PARA-CENTRAL-ELECTRICA-DE-LA-FLOR.pdf\" title=\"\">   BIC-PARA-CENTRAL-ELECTRICA-DE-LA-FLOR.pdf<\/a><\/p>\n","protected":false},"excerpt":{"rendered":"<p>El creciente deterioro y abandono de las instalaciones de la central hidroel\u00e9ctrica de \u201cLa Flor\u201d y el cercano vencimiento de la concesi\u00f3n de aguas del Saja nos mueve a la solicitud de protecci\u00f3n del yacimiento arqueol\u00f3gico industrial y cultural a <a class=\"more-link\" href=\"https:\/\/villapresente.online\/?p=1008\">Seguir leyendo <span class=\"screen-reader-text\">  PROTECCI\u00d3N PARA LA CENTRAL HIDROEL\u00c9CTRICA DE LA FLOR<\/span><span class=\"meta-nav\">&rarr;<\/span><\/a><\/p>\n","protected":false},"author":1,"featured_media":0,"comment_status":"closed","ping_status":"closed","sticky":true,"template":"","format":"standard","meta":{"om_disable_all_campaigns":false,"_monsterinsights_skip_tracking":false,"_monsterinsights_sitenote_active":false,"_monsterinsights_sitenote_note":"","_monsterinsights_sitenote_category":0,"fifu_image_url":"","fifu_image_alt":"","footnotes":""},"categories":[1],"tags":[],"class_list":["post-1008","post","type-post","status-publish","format-standard","hentry","category-blog"],"aioseo_notices":[],"_links":{"self":[{"href":"https:\/\/villapresente.online\/index.php?rest_route=\/wp\/v2\/posts\/1008","targetHints":{"allow":["GET"]}}],"collection":[{"href":"https:\/\/villapresente.online\/index.php?rest_route=\/wp\/v2\/posts"}],"about":[{"href":"https:\/\/villapresente.online\/index.php?rest_route=\/wp\/v2\/types\/post"}],"author":[{"embeddable":true,"href":"https:\/\/villapresente.online\/index.php?rest_route=\/wp\/v2\/users\/1"}],"replies":[{"embeddable":true,"href":"https:\/\/villapresente.online\/index.php?rest_route=%2Fwp%2Fv2%2Fcomments&post=1008"}],"version-history":[{"count":2,"href":"https:\/\/villapresente.online\/index.php?rest_route=\/wp\/v2\/posts\/1008\/revisions"}],"predecessor-version":[{"id":1013,"href":"https:\/\/villapresente.online\/index.php?rest_route=\/wp\/v2\/posts\/1008\/revisions\/1013"}],"wp:attachment":[{"href":"https:\/\/villapresente.online\/index.php?rest_route=%2Fwp%2Fv2%2Fmedia&parent=1008"}],"wp:term":[{"taxonomy":"category","embeddable":true,"href":"https:\/\/villapresente.online\/index.php?rest_route=%2Fwp%2Fv2%2Fcategories&post=1008"},{"taxonomy":"post_tag","embeddable":true,"href":"https:\/\/villapresente.online\/index.php?rest_route=%2Fwp%2Fv2%2Ftags&post=1008"}],"curies":[{"name":"wp","href":"https:\/\/api.w.org\/{rel}","templated":true}]}}